{"id":4870,"date":"2024-04-18T21:58:19","date_gmt":"2024-04-18T19:58:19","guid":{"rendered":"https:\/\/www.hedera-etc.com\/?page_id=4870"},"modified":"2026-03-13T22:42:28","modified_gmt":"2026-03-13T21:42:28","slug":"efeu-dirlande","status":"publish","type":"post","link":"https:\/\/www.hedera-etc.com\/de\/lierre-dirlande\/","title":{"rendered":"Efeu aus Irland"},"content":{"rendered":"<div data-elementor-type=\"wp-page\" data-elementor-id=\"4870\" class=\"elementor elementor-4870\" data-elementor-post-type=\"post\">\n\t\t\t\t<div class=\"elementor-element elementor-element-d24aded e-con-full e-flex e-con e-parent\" data-id=\"d24aded\" data-element_type=\"container\">\n\t\t<div class=\"elementor-element elementor-element-cc28a47 e-con-full e-flex e-con e-child\" data-id=\"cc28a47\" data-element_type=\"container\">\n\t\t\t\t<div class=\"elementor-element elementor-element-8d5ea0c elementor-widget elementor-widget-text-editor\" data-id=\"8d5ea0c\" data-element_type=\"widget\" data-widget_type=\"text-editor.default\">\n\t\t\t\t<div class=\"elementor-widget-container\">\n\t\t\t\t\t\t\t\t\t<p><strong>Efeu aus Irland<\/strong>, oder <em>Hedera hibernica<\/em> nach ihrem botanischen Namen, ist eine Pflanze <strong>Kletterpflanze<\/strong> mit Laub <strong>persistent<\/strong>. Sie k\u00f6nnen es also das ganze Jahr \u00fcber genie\u00dfen :<\/p><ul><li>Im Fr\u00fchling bildet der Irische Efeu junge, zartgr\u00fcne Bl\u00e4tter, die sehr reizvoll sind.<\/li><li>im Sommer f\u00e4rben sich seine Bl\u00e4tter dunkler<\/li><li>im Herbst, wenn der Efeu ausgewachsen ist, bildet er Bl\u00fcten in Form von cremefarbenen Dolden.<\/li><li>im Winter erscheinen die Fr\u00fcchte in Form von Beeren, die bei Reife schwarz gef\u00e4rbt sind<\/li><\/ul><p>Nicht nur Sie werden diese Pflanze zu sch\u00e4tzen wissen: Insekten, vor allem Bienenfresser, st\u00fcrzen sich am Ende der Saison auf ihre Bl\u00fcten. V\u00f6gel wiederum erfreuen sich im Sp\u00e4twinter an ihren Fr\u00fcchten. Es ist eine Pflanze <strong>sehr interessant und \u00f6kologisch sinnvoll<\/strong>, Sie bietet einer Vielzahl von Kleintieren und V\u00f6geln Unterkunft und Nahrung. Sie geh\u00f6rt zu den unverzichtbaren Pflanzen f\u00fcr alle, die sich einen Garten w\u00fcnschen. <strong>die Biodiversit\u00e4t f\u00f6rdern.<\/strong><\/p><h3>Beschreibung des Irischen Efeus :<\/h3><p>Die Bl\u00e4tter sind 4 bis 9 cm breit und 4 bis 11 cm lang. Ihre Farbe reicht von blassgr\u00fcn bis dunkelgr\u00fcn. Sie sind <strong>deutlich gr\u00f6\u00dfer als die des Gemeinen Efeus<\/strong> (<em>Hedera helix<\/em>). Sie bestehen meist aus 3 oder 5 Lappen, die mehr oder weniger tief sind. Die allgemeine Form ist eher palmenf\u00f6rmig mit einer herzf\u00f6rmigen oder pfeilf\u00f6rmigen Basis. Dieser Efeu tr\u00e4gt winzige, sternf\u00f6rmige, wei\u00dfliche Haare auf den Bl\u00e4ttern und dem Stiel. Diese Details m\u00f6gen nebens\u00e4chlich erscheinen, aber sie sind ein Schl\u00fcsselpunkt bei der Identifizierung der verschiedenen Efeuarten. Die ausgewachsenen Bl\u00e4tter dieses Efeus sind elliptisch und haben keine Lappen. Die Bl\u00fctezeit liegt zwischen Juni und Dezember und die Fr\u00fcchte sind zwischen September und April reif. Es handelt sich um eine kletternde Efeuart mit <strong>recht schnelles Wachstum<\/strong> die eine Wand in kurzer Zeit auskleiden kann. Man kann sie auch verwenden, um Hecken zu formen oder den Stamm eines Baumes zu verkleiden.<\/p>\t\t\t\t\t\t\t\t<\/div>\n\t\t\t\t<\/div>\n\t\t\t\t<\/div>\n\t\t<div class=\"elementor-element elementor-element-30acddc e-flex e-con-boxed e-con e-child\" data-id=\"30acddc\" data-element_type=\"container\">\n\t\t\t\t\t<div class=\"e-con-inner\">\n\t\t\t\t<div class=\"elementor-element elementor-element-9cdd188 elementor-widget__width-initial elementor-widget elementor-widget-text-editor\" data-id=\"9cdd188\" data-element_type=\"widget\" data-widget_type=\"text-editor.default\">\n\t\t\t\t<div class=\"elementor-widget-container\">\n\t\t\t\t\t\t\t\t\t<h3><strong>Herkunft des Efeus <em>Hedera hibernica :<\/em><\/strong><\/h3><p>Im Allgemeinen sind Efeuarten in Europa, Nordafrika und Asien beheimatet. Der Irische Efeu, wissenschaftlich als <em>Hedera hibernica,<\/em> sind Pflanzen, die spezifischer auf einem gro\u00dfen Gebiet der<strong> Atlantikk\u00fcste<\/strong>, Der Name des Landes verr\u00e4t es bereits: Irland.<\/p>\t\t\t\t\t\t\t\t<\/div>\n\t\t\t\t<\/div>\n\t\t\t\t<div class=\"elementor-element elementor-element-ab8b700 elementor-widget elementor-widget-image\" data-id=\"ab8b700\" data-element_type=\"widget\" data-widget_type=\"image.default\">\n\t\t\t\t<div class=\"elementor-widget-container\">\n\t\t\t\t\t\t\t\t\t\t\t\t<figure class=\"wp-caption\">\n\t\t\t\t\t\t\t\t\t\t\t<a href=\"https:\/\/www.hedera-etc.com\/wp-content\/uploads\/2023\/10\/Hedera-hibernica-Angularis-Aurea.jpg\" data-elementor-open-lightbox=\"yes\" data-elementor-lightbox-title=\"Hedera hibernica &#039;Angularis Aurea&#039;\" data-e-action-hash=\"#elementor-action%3Aaction%3Dlightbox%26settings%3DeyJpZCI6OTYsInVybCI6Imh0dHBzOlwvXC93d3cuaGVkZXJhLWV0Yy5jb21cL3dwLWNvbnRlbnRcL3VwbG9hZHNcLzIwMjNcLzEwXC9IZWRlcmEtaGliZXJuaWNhLUFuZ3VsYXJpcy1BdXJlYS53ZWJwIn0%3D\">\n\t\t\t\t\t\t\t<img fetchpriority=\"high\" decoding=\"async\" width=\"460\" height=\"344\" src=\"https:\/\/www.hedera-etc.com\/wp-content\/uploads\/2023\/10\/Hedera-hibernica-Angularis-Aurea.webp\" class=\"attachment-large size-large wp-image-96\" alt=\"Hedera hibernica &#039;Angularis Aurea&#039; - Irisches Efeu\" srcset=\"https:\/\/www.hedera-etc.com\/wp-content\/uploads\/2023\/10\/Hedera-hibernica-Angularis-Aurea.webp 460w, https:\/\/www.hedera-etc.com\/wp-content\/uploads\/2023\/10\/Hedera-hibernica-Angularis-Aurea-300x224.webp 300w\" sizes=\"(max-width: 460px) 100vw, 460px\" \/>\t\t\t\t\t\t\t\t<\/a>\n\t\t\t\t\t\t\t\t\t\t\t<figcaption class=\"widget-image-caption wp-caption-text\">Hedera hibernica 'Angularis Aurea' - Irisches Efeu<\/figcaption>\n\t\t\t\t\t\t\t\t\t\t<\/figure>\n\t\t\t\t\t\t\t\t\t<\/div>\n\t\t\t\t<\/div>\n\t\t\t\t\t<\/div>\n\t\t\t\t<\/div>\n\t\t<div class=\"elementor-element elementor-element-9a0857b e-flex e-con-boxed e-con e-child\" data-id=\"9a0857b\" data-element_type=\"container\">\n\t\t\t\t\t<div class=\"e-con-inner\">\n\t\t\t\t<div class=\"elementor-element elementor-element-bf90d81 elementor-widget__width-initial elementor-widget elementor-widget-image\" data-id=\"bf90d81\" data-element_type=\"widget\" data-widget_type=\"image.default\">\n\t\t\t\t<div class=\"elementor-widget-container\">\n\t\t\t\t\t\t\t\t\t\t\t\t<figure class=\"wp-caption\">\n\t\t\t\t\t\t\t\t\t\t\t<a href=\"https:\/\/www.hedera-etc.com\/wp-content\/uploads\/2023\/11\/Hedera-hibernica-Rona.jpg\" data-elementor-open-lightbox=\"yes\" data-elementor-lightbox-title=\"Hedera hibernica &#039;Rona&#039;\" data-e-action-hash=\"#elementor-action%3Aaction%3Dlightbox%26settings%3DeyJpZCI6MTgyNywidXJsIjoiaHR0cHM6XC9cL3d3dy5oZWRlcmEtZXRjLmNvbVwvd3AtY29udGVudFwvdXBsb2Fkc1wvMjAyM1wvMTFcL0hlZGVyYS1oaWJlcm5pY2EtUm9uYS53ZWJwIn0%3D\">\n\t\t\t\t\t\t\t<img decoding=\"async\" width=\"800\" height=\"599\" src=\"https:\/\/www.hedera-etc.com\/wp-content\/uploads\/2023\/11\/Hedera-hibernica-Rona.webp\" class=\"attachment-large size-large wp-image-1827\" alt=\"Hedera hibernica &#039;Rona&#039; - Irisches Efeu\" srcset=\"https:\/\/www.hedera-etc.com\/wp-content\/uploads\/2023\/11\/Hedera-hibernica-Rona.webp 800w, https:\/\/www.hedera-etc.com\/wp-content\/uploads\/2023\/11\/Hedera-hibernica-Rona-300x225.webp 300w, https:\/\/www.hedera-etc.com\/wp-content\/uploads\/2023\/11\/Hedera-hibernica-Rona-768x575.webp 768w\" sizes=\"(max-width: 800px) 100vw, 800px\" \/>\t\t\t\t\t\t\t\t<\/a>\n\t\t\t\t\t\t\t\t\t\t\t<figcaption class=\"widget-image-caption wp-caption-text\">Hedera hibernica 'Rona' - Irisches Efeu<\/figcaption>\n\t\t\t\t\t\t\t\t\t\t<\/figure>\n\t\t\t\t\t\t\t\t\t<\/div>\n\t\t\t\t<\/div>\n\t\t\t\t<div class=\"elementor-element elementor-element-4e4cae2 elementor-widget elementor-widget-text-editor\" data-id=\"4e4cae2\" data-element_type=\"widget\" data-widget_type=\"text-editor.default\">\n\t\t\t\t<div class=\"elementor-widget-container\">\n\t\t\t\t\t\t\t\t\t<h3>Anbaubedingungen und Pflanztipps f\u00fcr den Irischen Efeu :<\/h3><p>Dieser Efeu geh\u00f6rt zu den Pflanzen, die sich leicht in unseren G\u00e4rten kultivieren lassen. Er stellt keine Anspr\u00fcche an die Bodenart, kalkhaltiger Boden, neutraler Boden oder saurer Boden sind f\u00fcr ihn geeignet (im Gegensatz zum gew\u00f6hnlichen Efeu). <em>Hedera helix<\/em>). In Bezug auf die Exposition w\u00e4chst sie sowohl im Schatten als auch in der Sonne. Man findet die Pflanze z. B. als Bedeckung von Felsen an Meeresk\u00fcsten in voller Sonne. Nach allgemeiner Meinung bevorzugt der Irische Efeu jedoch Schatten oder Halbschatten. Er ist recht trockenheitsresistent, gedeiht aber auf k\u00fchlerem Boden wesentlich besser. Wenn der Boden gut ist, d. h. ausreichend Humus enth\u00e4lt, ist kein D\u00fcnger erforderlich.<\/p>\t\t\t\t\t\t\t\t<\/div>\n\t\t\t\t<\/div>\n\t\t\t\t\t<\/div>\n\t\t\t\t<\/div>\n\t\t<div class=\"elementor-element elementor-element-f0ae2f3 e-flex e-con-boxed e-con e-child\" data-id=\"f0ae2f3\" data-element_type=\"container\">\n\t\t\t\t\t<div class=\"e-con-inner\">\n\t\t\t\t<div class=\"elementor-element elementor-element-865ef5c elementor-widget elementor-widget-text-editor\" data-id=\"865ef5c\" data-element_type=\"widget\" data-widget_type=\"text-editor.default\">\n\t\t\t\t<div class=\"elementor-widget-container\">\n\t\t\t\t\t\t\t\t\t<h3>Irischer Efeu, wof\u00fcr im Garten?<\/h3><p>Dieser Efeu l\u00e4sst sich leicht in jeden Garten integrieren, sowohl in kleine als auch in gro\u00dfe G\u00e4rten. Im Gegensatz zu anderen Stauden oder Kletterpflanzen hat er den Vorteil, dass er das ganze Jahr \u00fcber gr\u00fcn und sch\u00f6n bleibt. Eine unansehnliche Mauer zu verbergen, Hecken zu bilden, um die Privatsph\u00e4re zu sch\u00fctzen, den Boden unter B\u00e4umen, einschlie\u00dflich Obstb\u00e4umen, zu bedecken, die Wand einer Fassade zu verkleiden - fast alles ist mit dieser Art von Pflanze m\u00f6glich. Wenn Sie eine Efeuhecke pflanzen m\u00f6chten, m\u00fcssen Sie einen Maschendrahtzaun als St\u00fctze anbringen. Planen Sie 2 bis 3 Efeupflanzen pro laufendem Meter ein.<\/p><p>Einige Verwendungszwecke f\u00fcr Efeu sind jedoch weniger empfehlenswert: Vermeiden Sie es, ihn zwischen Rosen zu setzen, da er dazu neigt, diese zu ersticken. Die gleiche Empfehlung gilt f\u00fcr kleine Str\u00e4ucher. Auch die Kombination von Blumenzwiebeln und Efeu ist nicht sehr gl\u00fccklich.<\/p><p>Es gibt aber noch so viele andere M\u00f6glichkeiten mit dieser Art von Pflanzen. Planen Sie auf jeden Fall jedes Jahr einen R\u00fcckschnitt, z. B. nach dem Winter. Dabei geht es darum, den Efeu in dem Bereich oder auf der Fl\u00e4che zu halten, die Sie f\u00fcr ihn reserviert haben. Beachten Sie, dass Efeu Pflanzen sind, die einen starken R\u00fcckschnitt sehr gut vertragen. Wenn Sie also ein oder zwei Jahre lang die Pflege vernachl\u00e4ssigt haben, k\u00f6nnen Sie dies mit einem kr\u00e4ftigen R\u00fcckschnitt korrigieren. Irischer Efeu als Bodendecker hat noch einen weiteren, nicht zu untersch\u00e4tzenden Vorteil: Unkr\u00e4uter sind praktisch nicht vorhanden, da sie vom Efeu unterdr\u00fcckt werden.<\/p>\t\t\t\t\t\t\t\t<\/div>\n\t\t\t\t<\/div>\n\t\t\t\t\t<\/div>\n\t\t\t\t<\/div>\n\t\t<div class=\"elementor-element elementor-element-9f3b757 e-flex e-con-boxed e-con e-child\" data-id=\"9f3b757\" data-element_type=\"container\">\n\t\t\t\t\t<div class=\"e-con-inner\">\n\t\t\t\t<div class=\"elementor-element elementor-element-a5a550d elementor-widget elementor-widget-text-editor\" data-id=\"a5a550d\" data-element_type=\"widget\" data-widget_type=\"text-editor.default\">\n\t\t\t\t<div class=\"elementor-widget-container\">\n\t\t\t\t\t\t\t\t\t<h3>Efeu aus Irland kaufen<\/h3><p>Auf dieser Seite finden Sie <strong>\u00fcber zwanzig Sorten Efeu aus Irland<\/strong>. Es ist <strong>die gr\u00f6\u00dfte Auswahl<\/strong> von Efeu von allen Online-Pflanzenverkaufsseiten. Dort finden Sie alle Informationen \u00fcber die Gr\u00f6\u00dfe der Pflanzen und den Preis. Wir versenden die bestellten Pflanzen jeden Montag. Ihre Lieferung erfolgt also sp\u00e4testens in der Woche nach Ihrer Bestellung. Unser Lagerbestand ist sowohl gro\u00df als auch begrenzt. Wir haben einen gro\u00dfen Vorrat an Efeuarten. Von jeder Efeuart haben wir jedoch nur einen begrenzten Vorrat. Wenn Sie jedoch gro\u00dfe Mengen bestimmter Produkte w\u00fcnschen, k\u00f6nnen wir die von Ihnen gew\u00fcnschte Sorte in Kultur nehmen. Um Ihnen die Auswahl des richtigen Produkts zu erleichtern, sind hier die wichtigsten Merkmale der Efeuarten aus Irland in unserer Sammlung aufgef\u00fchrt :<\/p><ul><li><a href=\"https:\/\/www.hedera-etc.com\/de\/product\/hedera-hibernica-albany\/\" target=\"_blank\" rel=\"noopener\">Hedera hibernica \u2018Albany\u2019 (Winterheder)\u2019<\/a> : guter Bodendecker, im Winter braune Bl\u00e4tter.<\/li><li><a href=\"https:\/\/www.hedera-etc.com\/de\/product\/hedera-hibernica-angularis-aurea\/\" target=\"_blank\" rel=\"noopener\">... \u2018Angularis Aurea\u2019.\u2019<\/a> : Kr\u00e4ftiger kletternder Efeu, gelbe Bl\u00e4tter im Fr\u00fchling.<\/li><li><a href=\"https:\/\/www.hedera-etc.com\/de\/product\/hedera-hibernica-arco\/\" target=\"_blank\" rel=\"noopener\">... \u2018Arco\u2019.\u2019<\/a> : weniger dichte Vegetation, bronzefarbene Schattierungen im Winter.<\/li><li><a href=\"https:\/\/www.hedera-etc.com\/de\/product\/hedera-hibernica-betty-allen\/\" target=\"_blank\" rel=\"noopener\">Hedera hibernica \u2018Betty Allen\u2019 (Winterheder)\u2019<\/a> : Efeu mit gl\u00e4nzend dunkelgr\u00fcnen Bl\u00e4ttern.<\/li><li><a href=\"https:\/\/www.hedera-etc.com\/de\/product\/hedera-hibernica-china-plate\/\" target=\"_blank\" rel=\"noopener\">Hedera hibernica \u2018China Plate\u2019 (Winterheder)\u2019<\/a> : gro\u00dfes, gl\u00e4nzendes Blatt.<\/li><li><a href=\"https:\/\/www.hedera-etc.com\/de\/product\/hedera-hibernica-dealbata\/\" target=\"_blank\" rel=\"noopener\">Hedera hibernica'Dealbata\u2018 (Winterheder)\u2019<\/a> : Wei\u00dfe Panaschierung, die sich bei K\u00e4lte rosa verf\u00e4rbt.<\/li><li><a href=\"https:\/\/www.hedera-etc.com\/de\/product\/hedera-hibernica-deltoidea\/\" target=\"_blank\" rel=\"noopener\">... \u2018Deltoidea\u2019.\u2019<\/a> Efeu: Perfekt f\u00fcr T\u00f6pfe oder Blumenk\u00e4sten.<\/li><li><a href=\"https:\/\/www.hedera-etc.com\/de\/product\/hedera-hibernica-digitata\/\" target=\"_blank\" rel=\"noopener\">... \u2018Digitata\u2019.\u2019<\/a> : verdautes Laub.<\/li><li><a href=\"https:\/\/www.hedera-etc.com\/de\/product\/hedera-hibernica-ebony\/\" target=\"_blank\" rel=\"noopener\">Hedera hibernica \u2018Ebony\u2019 (Ebony)\u2019<\/a> : schw\u00e4rzlich-gr\u00fcnes Laub im Winter.<\/li><li><a href=\"https:\/\/www.hedera-etc.com\/de\/product\/hedera-hibernica-glengariff\/\" target=\"_blank\" rel=\"noopener\">Hedera hibernica \u2018Glengariff\u2019 (Winterheder)\u2019<\/a> : Hellgelbe Maserung, gut kletternd.<\/li><li><a href=\"https:\/\/www.hedera-etc.com\/de\/product\/hedera-hibernica-hamilton\/\" target=\"_blank\" rel=\"noopener\">Hedera hibernica \u2018Hamilton\u2019 (Winterheder)\u2019<\/a> : Efeu mit kr\u00e4ftigem Wachstum.<\/li><li><a href=\"https:\/\/www.hedera-etc.com\/de\/product\/hedera-hibernica-harlekin\/\" target=\"_blank\" rel=\"noopener\">... \u2018Harlequin\u2019<\/a> : Gelb panaschierte Bl\u00e4tter.<\/li><li><a href=\"https:\/\/www.hedera-etc.com\/de\/product\/hedera-hibernica-maculata\/\" target=\"_blank\" rel=\"noopener\">Hedera hibernica \u2018Maculata\u2019 (Winterheder)\u2019<\/a> : kr\u00e4ftiger Kletterefeu.<\/li><li><a href=\"https:\/\/www.hedera-etc.com\/de\/product\/hedera-hibernica-palmata\/\" target=\"_blank\" rel=\"noopener\">Hedera hibernica \u2018Palmata\u2019 (Winterheder)\u2019<\/a> : Pflanze mit dicken, gut gr\u00fcnen Bl\u00e4ttern.<\/li><li><a href=\"https:\/\/www.hedera-etc.com\/de\/product\/hedera-hibernica-professor-seneta\/\" target=\"_blank\" rel=\"noopener\">... \u2018Professor Seneta\u2019.\u2019<\/a> : Bl\u00e4tter von dunkelgr\u00fcner Farbe mit cremefarbenen Marmorierungen.<\/li><li><a href=\"https:\/\/www.hedera-etc.com\/de\/product\/hedera-hibernica-rona\/\" target=\"_blank\" rel=\"noopener\">Hedera hibernica \u2018Rona\u2019 (Winterheder)\u2019<\/a> : Pflanze mit gelb-gr\u00fcn marmorierten Bl\u00e4ttern. Unserer Meinung nach eine der sch\u00f6nsten.<\/li><li><a href=\"https:\/\/www.hedera-etc.com\/de\/product\/hedera-hibernica-sark\/\" target=\"_blank\" rel=\"noopener\">Hedera hibernica \u2018Sark\u2019 (Winterheder)\u2019<\/a> : herzf\u00f6rmiges Blatt. Ein Muss f\u00fcr jeden Garten.<\/li><li><a href=\"https:\/\/www.hedera-etc.com\/de\/product\/hedera-hibernica-sulphurea\/\" target=\"_blank\" rel=\"noopener\">... \u2018Sulphurea\u2019.\u2019<\/a> Efeu: Perfekt als Bodendecker im Schatten.<\/li><li><a href=\"https:\/\/www.hedera-etc.com\/de\/product\/hedera-hibernica-tesselata\/\" target=\"_blank\" rel=\"noopener\">Hedera hibernica \u2018Tesselata\u2019 (Winterheder)\u2019<\/a> : hellgelbes Laub im Fr\u00fchling.<\/li><li><a href=\"https:\/\/www.hedera-etc.com\/de\/product\/hedera-hibernica-hellgrun\/\" target=\"_blank\" rel=\"noopener\">Hedera hibernica \u2018Hellgr\u00fcn\u2019 <\/a>: r\u00f6tliche Marmorierung der Bl\u00e4tter in der kalten Jahreszeit.<\/li><li><a href=\"https:\/\/www.hedera-etc.com\/de\/product\/hedera-hibernica-vitifolia\/\" target=\"_blank\" rel=\"noopener\">... \u2018Vitifolia\u2019.\u2019<\/a> : Kletterpflanzen mit Weinbl\u00e4ttern.<\/li><li><a href=\"https:\/\/www.hedera-etc.com\/de\/product\/hedera-hibernica-zorgvlied\/\" target=\"_blank\" rel=\"noopener\">Hedera hibernica &lsquo;Zorgvlied&rsquo;<\/a> : kleiner Busch mit sch\u00f6nen Winterfarben.<\/li><\/ul><p>Um Ihre Wahl unter all diesen Pflanzen einzugrenzen, schauen Sie sich die Beschreibung an und entdecken Sie viele zus\u00e4tzliche Details sowie Fotos, Preise und die Gr\u00f6\u00dfe der Beh\u00e4lter. Wenn Sie Ihre Pflanzen erhalten, weichen Sie die T\u00f6pfe vor dem Einpflanzen ein und befolgen Sie unsere Ratschl\u00e4ge.<\/p>\t\t\t\t\t\t\t\t<\/div>\n\t\t\t\t<\/div>\n\t\t\t\t\t<\/div>\n\t\t\t\t<\/div>\n\t\t\t\t<\/div>\n\t\t<div class=\"elementor-element elementor-element-4f1901b e-flex e-con-boxed e-con e-parent\" data-id=\"4f1901b\" data-element_type=\"container\">\n\t\t\t\t\t<div class=\"e-con-inner\">\n\t\t\t\t<div class=\"elementor-element elementor-element-df917bd elementor-widget elementor-widget-gallery\" data-id=\"df917bd\" data-element_type=\"widget\" data-settings=\"{&quot;overlay_title&quot;:&quot;alt&quot;,&quot;lazyload&quot;:&quot;yes&quot;,&quot;gallery_layout&quot;:&quot;grid&quot;,&quot;columns&quot;:4,&quot;columns_tablet&quot;:2,&quot;columns_mobile&quot;:1,&quot;gap&quot;:{&quot;unit&quot;:&quot;px&quot;,&quot;size&quot;:10,&quot;sizes&quot;:[]},&quot;gap_tablet&quot;:{&quot;unit&quot;:&quot;px&quot;,&quot;size&quot;:10,&quot;sizes&quot;:[]},&quot;gap_mobile&quot;:{&quot;unit&quot;:&quot;px&quot;,&quot;size&quot;:10,&quot;sizes&quot;:[]},&quot;link_to&quot;:&quot;file&quot;,&quot;aspect_ratio&quot;:&quot;3:2&quot;,&quot;overlay_background&quot;:&quot;yes&quot;,&quot;content_hover_animation&quot;:&quot;fade-in&quot;}\" data-widget_type=\"gallery.default\">\n\t\t\t\t<div class=\"elementor-widget-container\">\n\t\t\t\t\t\t\t<div class=\"elementor-gallery__container\">\n\t\t\t\t\t\t\t<a class=\"e-gallery-item elementor-gallery-item elementor-animated-content\" href=\"https:\/\/www.hedera-etc.com\/wp-content\/uploads\/2024\/04\/Hedera-hibernica-Zorgvlied.webp\" data-elementor-open-lightbox=\"yes\" data-elementor-lightbox-slideshow=\"df917bd\" data-elementor-lightbox-title=\"Hedera hibernica &#039;Zorgvlied&#039;\" data-e-action-hash=\"#elementor-action%3Aaction%3Dlightbox%26settings%3DeyJpZCI6NDUxNCwidXJsIjoiaHR0cHM6XC9cL3d3dy5oZWRlcmEtZXRjLmNvbVwvd3AtY29udGVudFwvdXBsb2Fkc1wvMjAyNFwvMDRcL0hlZGVyYS1oaWJlcm5pY2EtWm9yZ3ZsaWVkLndlYnAiLCJzbGlkZXNob3ciOiJkZjkxN2JkIn0%3D\">\n\t\t\t\t\t<div class=\"e-gallery-image elementor-gallery-item__image\" data-thumbnail=\"https:\/\/www.hedera-etc.com\/wp-content\/uploads\/2024\/04\/Hedera-hibernica-Zorgvlied-300x225.webp\" data-width=\"300\" data-height=\"225\" aria-label=\"Hedera hibernica &#039;Zorgvlied&#039;, lierre d&#039;Irlande &#039;Zorgvlied&#039;\" role=\"img\" ><\/div>\n\t\t\t\t\t\t\t\t\t\t\t<div class=\"elementor-gallery-item__overlay\"><\/div>\n\t\t\t\t\t\t\t\t\t\t\t\t\t\t\t<div class=\"elementor-gallery-item__content\">\n\t\t\t\t\t\t\t\t\t\t\t\t\t\t<div class=\"elementor-gallery-item__title\">\n\t\t\t\t\t\t\t\t\t\t\t\t\t\t\t\t\t\tHedera hibernica 'Zorgvlied', lierre d'Irlande 'Zorgvlied'\t\t\t\t\t\t\t\t<\/div>\n\t\t\t\t\t\t\t\t\t\t\t\t<\/div>\n\t\t\t\t\t\t\t\t\t<\/a>\n\t\t\t\t\t\t\t<a class=\"e-gallery-item elementor-gallery-item elementor-animated-content\" href=\"https:\/\/www.hedera-etc.com\/wp-content\/uploads\/2023\/11\/Hedera-hibernica-Vitifolia_2.webp\" data-elementor-open-lightbox=\"yes\" data-elementor-lightbox-slideshow=\"df917bd\" data-elementor-lightbox-title=\"Hedera hibernica &#039;Vitifolia&#039;_2\" data-e-action-hash=\"#elementor-action%3Aaction%3Dlightbox%26settings%3DeyJpZCI6MzY1NiwidXJsIjoiaHR0cHM6XC9cL3d3dy5oZWRlcmEtZXRjLmNvbVwvd3AtY29udGVudFwvdXBsb2Fkc1wvMjAyM1wvMTFcL0hlZGVyYS1oaWJlcm5pY2EtVml0aWZvbGlhXzIud2VicCIsInNsaWRlc2hvdyI6ImRmOTE3YmQifQ%3D%3D\">\n\t\t\t\t\t<div class=\"e-gallery-image elementor-gallery-item__image\" data-thumbnail=\"https:\/\/www.hedera-etc.com\/wp-content\/uploads\/2023\/11\/Hedera-hibernica-Vitifolia_2-300x225.webp\" data-width=\"300\" data-height=\"225\" aria-label=\"Hedera hibernica &#039;Vitifolia&#039;\" role=\"img\" ><\/div>\n\t\t\t\t\t\t\t\t\t\t\t<div class=\"elementor-gallery-item__overlay\"><\/div>\n\t\t\t\t\t\t\t\t\t\t\t\t\t\t\t<div class=\"elementor-gallery-item__content\">\n\t\t\t\t\t\t\t\t\t\t\t\t\t\t<div class=\"elementor-gallery-item__title\">\n\t\t\t\t\t\t\t\t\t\t\t\t\t\t\t\t\t\tHedera hibernica 'Vitifolia'\t\t\t\t\t\t\t\t<\/div>\n\t\t\t\t\t\t\t\t\t\t\t\t<\/div>\n\t\t\t\t\t\t\t\t\t<\/a>\n\t\t\t\t\t\t\t<a class=\"e-gallery-item elementor-gallery-item elementor-animated-content\" href=\"https:\/\/www.hedera-etc.com\/wp-content\/uploads\/2023\/11\/Hedera-hibernica-Harlequin.webp\" data-elementor-open-lightbox=\"yes\" data-elementor-lightbox-slideshow=\"df917bd\" data-elementor-lightbox-title=\"Hedera hibernica &#039;Harlequin&#039;\" data-e-action-hash=\"#elementor-action%3Aaction%3Dlightbox%26settings%3DeyJpZCI6MzY1MiwidXJsIjoiaHR0cHM6XC9cL3d3dy5oZWRlcmEtZXRjLmNvbVwvd3AtY29udGVudFwvdXBsb2Fkc1wvMjAyM1wvMTFcL0hlZGVyYS1oaWJlcm5pY2EtSGFybGVxdWluLndlYnAiLCJzbGlkZXNob3ciOiJkZjkxN2JkIn0%3D\">\n\t\t\t\t\t<div class=\"e-gallery-image elementor-gallery-item__image\" data-thumbnail=\"https:\/\/www.hedera-etc.com\/wp-content\/uploads\/2023\/11\/Hedera-hibernica-Harlequin-300x225.webp\" data-width=\"300\" data-height=\"225\" aria-label=\"Hedera hibernica &#039;Harlequin&#039;\" role=\"img\" ><\/div>\n\t\t\t\t\t\t\t\t\t\t\t<div class=\"elementor-gallery-item__overlay\"><\/div>\n\t\t\t\t\t\t\t\t\t\t\t\t\t\t\t<div class=\"elementor-gallery-item__content\">\n\t\t\t\t\t\t\t\t\t\t\t\t\t\t<div class=\"elementor-gallery-item__title\">\n\t\t\t\t\t\t\t\t\t\t\t\t\t\t\t\t\t\tHedera hibernica 'Harlequin'\t\t\t\t\t\t\t\t<\/div>\n\t\t\t\t\t\t\t\t\t\t\t\t<\/div>\n\t\t\t\t\t\t\t\t\t<\/a>\n\t\t\t\t\t\t\t<a class=\"e-gallery-item elementor-gallery-item elementor-animated-content\" href=\"https:\/\/www.hedera-etc.com\/wp-content\/uploads\/2023\/11\/Hedera-hibernica-Vert-Clair.webp\" data-elementor-open-lightbox=\"yes\" data-elementor-lightbox-slideshow=\"df917bd\" data-elementor-lightbox-title=\"Hedera hibernica &#039;Vert Clair&#039;\" data-e-action-hash=\"#elementor-action%3Aaction%3Dlightbox%26settings%3DeyJpZCI6MTg1NCwidXJsIjoiaHR0cHM6XC9cL3d3dy5oZWRlcmEtZXRjLmNvbVwvd3AtY29udGVudFwvdXBsb2Fkc1wvMjAyM1wvMTFcL0hlZGVyYS1oaWJlcm5pY2EtVmVydC1DbGFpci53ZWJwIiwic2xpZGVzaG93IjoiZGY5MTdiZCJ9\">\n\t\t\t\t\t<div class=\"e-gallery-image elementor-gallery-item__image\" data-thumbnail=\"https:\/\/www.hedera-etc.com\/wp-content\/uploads\/2023\/11\/Hedera-hibernica-Vert-Clair-300x225.webp\" data-width=\"300\" data-height=\"225\" aria-label=\"Hedera hibernica &#039;Vert Clair&#039;\" role=\"img\" ><\/div>\n\t\t\t\t\t\t\t\t\t\t\t<div class=\"elementor-gallery-item__overlay\"><\/div>\n\t\t\t\t\t\t\t\t\t\t\t\t\t\t\t<div class=\"elementor-gallery-item__content\">\n\t\t\t\t\t\t\t\t\t\t\t\t\t\t<div class=\"elementor-gallery-item__title\">\n\t\t\t\t\t\t\t\t\t\t\t\t\t\t\t\t\t\tHedera hibernica 'Vert Clair'\t\t\t\t\t\t\t\t<\/div>\n\t\t\t\t\t\t\t\t\t\t\t\t<\/div>\n\t\t\t\t\t\t\t\t\t<\/a>\n\t\t\t\t\t\t\t<a class=\"e-gallery-item elementor-gallery-item elementor-animated-content\" href=\"https:\/\/www.hedera-etc.com\/wp-content\/uploads\/2023\/11\/Hedera-hibernica-Sulphurea_3.webp\" data-elementor-open-lightbox=\"yes\" data-elementor-lightbox-slideshow=\"df917bd\" data-elementor-lightbox-title=\"Hedera hibernica &#039;Sulphurea&#039;_3\" data-e-action-hash=\"#elementor-action%3Aaction%3Dlightbox%26settings%3DeyJpZCI6MTg0NCwidXJsIjoiaHR0cHM6XC9cL3d3dy5oZWRlcmEtZXRjLmNvbVwvd3AtY29udGVudFwvdXBsb2Fkc1wvMjAyM1wvMTFcL0hlZGVyYS1oaWJlcm5pY2EtU3VscGh1cmVhXzMud2VicCIsInNsaWRlc2hvdyI6ImRmOTE3YmQifQ%3D%3D\">\n\t\t\t\t\t<div class=\"e-gallery-image elementor-gallery-item__image\" data-thumbnail=\"https:\/\/www.hedera-etc.com\/wp-content\/uploads\/2023\/11\/Hedera-hibernica-Sulphurea_3-300x225.webp\" data-width=\"300\" data-height=\"225\" aria-label=\"Hedera hibernica &#039;Sulphurea&#039; - Irisches Efeu\" role=\"img\" ><\/div>\n\t\t\t\t\t\t\t\t\t\t\t<div class=\"elementor-gallery-item__overlay\"><\/div>\n\t\t\t\t\t\t\t\t\t\t\t\t\t\t\t<div class=\"elementor-gallery-item__content\">\n\t\t\t\t\t\t\t\t\t\t\t\t\t\t<div class=\"elementor-gallery-item__title\">\n\t\t\t\t\t\t\t\t\t\t\t\t\t\t\t\t\t\tHedera hibernica 'Sulphurea' - Irisches Efeu\t\t\t\t\t\t\t\t<\/div>\n\t\t\t\t\t\t\t\t\t\t\t\t<\/div>\n\t\t\t\t\t\t\t\t\t<\/a>\n\t\t\t\t\t\t\t<a class=\"e-gallery-item elementor-gallery-item elementor-animated-content\" href=\"https:\/\/www.hedera-etc.com\/wp-content\/uploads\/2023\/11\/Hedera-hibernica-Sark.webp\" data-elementor-open-lightbox=\"yes\" data-elementor-lightbox-slideshow=\"df917bd\" data-elementor-lightbox-title=\"Hedera hibernica &#039;Sark&#039;\" data-e-action-hash=\"#elementor-action%3Aaction%3Dlightbox%26settings%3DeyJpZCI6MTgzNiwidXJsIjoiaHR0cHM6XC9cL3d3dy5oZWRlcmEtZXRjLmNvbVwvd3AtY29udGVudFwvdXBsb2Fkc1wvMjAyM1wvMTFcL0hlZGVyYS1oaWJlcm5pY2EtU2Fyay53ZWJwIiwic2xpZGVzaG93IjoiZGY5MTdiZCJ9\">\n\t\t\t\t\t<div class=\"e-gallery-image elementor-gallery-item__image\" data-thumbnail=\"https:\/\/www.hedera-etc.com\/wp-content\/uploads\/2023\/11\/Hedera-hibernica-Sark-300x225.webp\" data-width=\"300\" data-height=\"225\" aria-label=\"Hedera hibernica &#039;Sark&#039;\" role=\"img\" ><\/div>\n\t\t\t\t\t\t\t\t\t\t\t<div class=\"elementor-gallery-item__overlay\"><\/div>\n\t\t\t\t\t\t\t\t\t\t\t\t\t\t\t<div class=\"elementor-gallery-item__content\">\n\t\t\t\t\t\t\t\t\t\t\t\t\t\t<div class=\"elementor-gallery-item__title\">\n\t\t\t\t\t\t\t\t\t\t\t\t\t\t\t\t\t\tHedera hibernica 'Sark'\t\t\t\t\t\t\t\t<\/div>\n\t\t\t\t\t\t\t\t\t\t\t\t<\/div>\n\t\t\t\t\t\t\t\t\t<\/a>\n\t\t\t\t\t\t\t<a class=\"e-gallery-item elementor-gallery-item elementor-animated-content\" href=\"https:\/\/www.hedera-etc.com\/wp-content\/uploads\/2023\/11\/Hedera-hibernica-Rona.webp\" data-elementor-open-lightbox=\"yes\" data-elementor-lightbox-slideshow=\"df917bd\" data-elementor-lightbox-title=\"Hedera hibernica &#039;Rona&#039;\" data-e-action-hash=\"#elementor-action%3Aaction%3Dlightbox%26settings%3DeyJpZCI6MTgyNywidXJsIjoiaHR0cHM6XC9cL3d3dy5oZWRlcmEtZXRjLmNvbVwvd3AtY29udGVudFwvdXBsb2Fkc1wvMjAyM1wvMTFcL0hlZGVyYS1oaWJlcm5pY2EtUm9uYS53ZWJwIiwic2xpZGVzaG93IjoiZGY5MTdiZCJ9\">\n\t\t\t\t\t<div class=\"e-gallery-image elementor-gallery-item__image\" data-thumbnail=\"https:\/\/www.hedera-etc.com\/wp-content\/uploads\/2023\/11\/Hedera-hibernica-Rona-300x225.webp\" data-width=\"300\" data-height=\"225\" aria-label=\"Hedera hibernica &#039;Rona&#039; - Irisches Efeu\" role=\"img\" ><\/div>\n\t\t\t\t\t\t\t\t\t\t\t<div class=\"elementor-gallery-item__overlay\"><\/div>\n\t\t\t\t\t\t\t\t\t\t\t\t\t\t\t<div class=\"elementor-gallery-item__content\">\n\t\t\t\t\t\t\t\t\t\t\t\t\t\t<div class=\"elementor-gallery-item__title\">\n\t\t\t\t\t\t\t\t\t\t\t\t\t\t\t\t\t\tHedera hibernica 'Rona' - Irisches Efeu\t\t\t\t\t\t\t\t<\/div>\n\t\t\t\t\t\t\t\t\t\t\t\t<\/div>\n\t\t\t\t\t\t\t\t\t<\/a>\n\t\t\t\t\t\t\t<a class=\"e-gallery-item elementor-gallery-item elementor-animated-content\" href=\"https:\/\/www.hedera-etc.com\/wp-content\/uploads\/2023\/11\/Hedera-hibernica-Maculata_2.webp\" data-elementor-open-lightbox=\"yes\" data-elementor-lightbox-slideshow=\"df917bd\" data-elementor-lightbox-title=\"Hedera hibernica &#039;Maculata&#039;_2\" data-e-action-hash=\"#elementor-action%3Aaction%3Dlightbox%26settings%3DeyJpZCI6MTgyMiwidXJsIjoiaHR0cHM6XC9cL3d3dy5oZWRlcmEtZXRjLmNvbVwvd3AtY29udGVudFwvdXBsb2Fkc1wvMjAyM1wvMTFcL0hlZGVyYS1oaWJlcm5pY2EtTWFjdWxhdGFfMi53ZWJwIiwic2xpZGVzaG93IjoiZGY5MTdiZCJ9\">\n\t\t\t\t\t<div class=\"e-gallery-image elementor-gallery-item__image\" data-thumbnail=\"https:\/\/www.hedera-etc.com\/wp-content\/uploads\/2023\/11\/Hedera-hibernica-Maculata_2-300x225.webp\" data-width=\"300\" data-height=\"225\" aria-label=\"Hedera hibernica &#039;Maculata&#039;\" role=\"img\" ><\/div>\n\t\t\t\t\t\t\t\t\t\t\t<div class=\"elementor-gallery-item__overlay\"><\/div>\n\t\t\t\t\t\t\t\t\t\t\t\t\t\t\t<div class=\"elementor-gallery-item__content\">\n\t\t\t\t\t\t\t\t\t\t\t\t\t\t<div class=\"elementor-gallery-item__title\">\n\t\t\t\t\t\t\t\t\t\t\t\t\t\t\t\t\t\tHedera hibernica 'Maculata'\t\t\t\t\t\t\t\t<\/div>\n\t\t\t\t\t\t\t\t\t\t\t\t<\/div>\n\t\t\t\t\t\t\t\t\t<\/a>\n\t\t\t\t\t\t\t<a class=\"e-gallery-item elementor-gallery-item elementor-animated-content\" href=\"https:\/\/www.hedera-etc.com\/wp-content\/uploads\/2023\/11\/Hedera-hibernica-Hamilton.webp\" data-elementor-open-lightbox=\"yes\" data-elementor-lightbox-slideshow=\"df917bd\" data-elementor-lightbox-title=\"Hedera hibernica &#039;Hamilton&#039;\" data-e-action-hash=\"#elementor-action%3Aaction%3Dlightbox%26settings%3DeyJpZCI6MTgxNSwidXJsIjoiaHR0cHM6XC9cL3d3dy5oZWRlcmEtZXRjLmNvbVwvd3AtY29udGVudFwvdXBsb2Fkc1wvMjAyM1wvMTFcL0hlZGVyYS1oaWJlcm5pY2EtSGFtaWx0b24ud2VicCIsInNsaWRlc2hvdyI6ImRmOTE3YmQifQ%3D%3D\">\n\t\t\t\t\t<div class=\"e-gallery-image elementor-gallery-item__image\" data-thumbnail=\"https:\/\/www.hedera-etc.com\/wp-content\/uploads\/2023\/11\/Hedera-hibernica-Hamilton-300x199.webp\" data-width=\"300\" data-height=\"199\" aria-label=\"Hedera hibernica &#039;Hamilton&#039;\" role=\"img\" ><\/div>\n\t\t\t\t\t\t\t\t\t\t\t<div class=\"elementor-gallery-item__overlay\"><\/div>\n\t\t\t\t\t\t\t\t\t\t\t\t\t\t\t<div class=\"elementor-gallery-item__content\">\n\t\t\t\t\t\t\t\t\t\t\t\t\t\t<div class=\"elementor-gallery-item__title\">\n\t\t\t\t\t\t\t\t\t\t\t\t\t\t\t\t\t\tHedera hibernica 'Hamilton'\t\t\t\t\t\t\t\t<\/div>\n\t\t\t\t\t\t\t\t\t\t\t\t<\/div>\n\t\t\t\t\t\t\t\t\t<\/a>\n\t\t\t\t\t\t\t<a class=\"e-gallery-item elementor-gallery-item elementor-animated-content\" href=\"https:\/\/www.hedera-etc.com\/wp-content\/uploads\/2023\/11\/Hedera-hibernica-Glengariff_2.webp\" data-elementor-open-lightbox=\"yes\" data-elementor-lightbox-slideshow=\"df917bd\" data-elementor-lightbox-title=\"Hedera hibernica &#039;Glengariff&#039;_2\" data-e-action-hash=\"#elementor-action%3Aaction%3Dlightbox%26settings%3DeyJpZCI6MTgxMSwidXJsIjoiaHR0cHM6XC9cL3d3dy5oZWRlcmEtZXRjLmNvbVwvd3AtY29udGVudFwvdXBsb2Fkc1wvMjAyM1wvMTFcL0hlZGVyYS1oaWJlcm5pY2EtR2xlbmdhcmlmZl8yLndlYnAiLCJzbGlkZXNob3ciOiJkZjkxN2JkIn0%3D\">\n\t\t\t\t\t<div class=\"e-gallery-image elementor-gallery-item__image\" data-thumbnail=\"https:\/\/www.hedera-etc.com\/wp-content\/uploads\/2023\/11\/Hedera-hibernica-Glengariff_2-300x225.webp\" data-width=\"300\" data-height=\"225\" aria-label=\"Hedera hibernica &#039;Glengariff&#039;\" role=\"img\" ><\/div>\n\t\t\t\t\t\t\t\t\t\t\t<div class=\"elementor-gallery-item__overlay\"><\/div>\n\t\t\t\t\t\t\t\t\t\t\t\t\t\t\t<div class=\"elementor-gallery-item__content\">\n\t\t\t\t\t\t\t\t\t\t\t\t\t\t<div class=\"elementor-gallery-item__title\">\n\t\t\t\t\t\t\t\t\t\t\t\t\t\t\t\t\t\tHedera hibernica 'Glengariff'\t\t\t\t\t\t\t\t<\/div>\n\t\t\t\t\t\t\t\t\t\t\t\t<\/div>\n\t\t\t\t\t\t\t\t\t<\/a>\n\t\t\t\t\t\t\t<a class=\"e-gallery-item elementor-gallery-item elementor-animated-content\" href=\"https:\/\/www.hedera-etc.com\/wp-content\/uploads\/2023\/11\/Hedera-hibernica-Ebony_2.webp\" data-elementor-open-lightbox=\"yes\" data-elementor-lightbox-slideshow=\"df917bd\" data-elementor-lightbox-title=\"Hedera hibernica &#039;Ebony&#039;_2\" data-e-action-hash=\"#elementor-action%3Aaction%3Dlightbox%26settings%3DeyJpZCI6MTgwNSwidXJsIjoiaHR0cHM6XC9cL3d3dy5oZWRlcmEtZXRjLmNvbVwvd3AtY29udGVudFwvdXBsb2Fkc1wvMjAyM1wvMTFcL0hlZGVyYS1oaWJlcm5pY2EtRWJvbnlfMi53ZWJwIiwic2xpZGVzaG93IjoiZGY5MTdiZCJ9\">\n\t\t\t\t\t<div class=\"e-gallery-image elementor-gallery-item__image\" data-thumbnail=\"https:\/\/www.hedera-etc.com\/wp-content\/uploads\/2023\/11\/Hedera-hibernica-Ebony_2-300x225.webp\" data-width=\"300\" data-height=\"225\" aria-label=\"Hedera hibernica &#039;Ebony&#039;\" role=\"img\" ><\/div>\n\t\t\t\t\t\t\t\t\t\t\t<div class=\"elementor-gallery-item__overlay\"><\/div>\n\t\t\t\t\t\t\t\t\t\t\t\t\t\t\t<div class=\"elementor-gallery-item__content\">\n\t\t\t\t\t\t\t\t\t\t\t\t\t\t<div class=\"elementor-gallery-item__title\">\n\t\t\t\t\t\t\t\t\t\t\t\t\t\t\t\t\t\tHedera hibernica 'Ebony'\t\t\t\t\t\t\t\t<\/div>\n\t\t\t\t\t\t\t\t\t\t\t\t<\/div>\n\t\t\t\t\t\t\t\t\t<\/a>\n\t\t\t\t\t\t\t<a class=\"e-gallery-item elementor-gallery-item elementor-animated-content\" href=\"https:\/\/www.hedera-etc.com\/wp-content\/uploads\/2023\/11\/Hedera-hibernica-Digitata_2.webp\" data-elementor-open-lightbox=\"yes\" data-elementor-lightbox-slideshow=\"df917bd\" data-elementor-lightbox-title=\"Hedera hibernica &#039;Digitata&#039;_2\" data-e-action-hash=\"#elementor-action%3Aaction%3Dlightbox%26settings%3DeyJpZCI6MTgwMCwidXJsIjoiaHR0cHM6XC9cL3d3dy5oZWRlcmEtZXRjLmNvbVwvd3AtY29udGVudFwvdXBsb2Fkc1wvMjAyM1wvMTFcL0hlZGVyYS1oaWJlcm5pY2EtRGlnaXRhdGFfMi53ZWJwIiwic2xpZGVzaG93IjoiZGY5MTdiZCJ9\">\n\t\t\t\t\t<div class=\"e-gallery-image elementor-gallery-item__image\" data-thumbnail=\"https:\/\/www.hedera-etc.com\/wp-content\/uploads\/2023\/11\/Hedera-hibernica-Digitata_2-300x225.webp\" data-width=\"300\" data-height=\"225\" aria-label=\"\" role=\"img\" ><\/div>\n\t\t\t\t\t\t\t\t\t\t\t<div class=\"elementor-gallery-item__overlay\"><\/div>\n\t\t\t\t\t\t\t\t\t\t\t\t\t\t\t<div class=\"elementor-gallery-item__content\">\n\t\t\t\t\t\t\t\t\t\t\t<\/div>\n\t\t\t\t\t\t\t\t\t<\/a>\n\t\t\t\t\t\t\t<a class=\"e-gallery-item elementor-gallery-item elementor-animated-content\" href=\"https:\/\/www.hedera-etc.com\/wp-content\/uploads\/2023\/11\/Hedera-hibernica-Dealbata.webp\" data-elementor-open-lightbox=\"yes\" data-elementor-lightbox-slideshow=\"df917bd\" data-elementor-lightbox-title=\"Hedera hibernica &#039;Dealbata&#039;\" data-e-action-hash=\"#elementor-action%3Aaction%3Dlightbox%26settings%3DeyJpZCI6MTc5MSwidXJsIjoiaHR0cHM6XC9cL3d3dy5oZWRlcmEtZXRjLmNvbVwvd3AtY29udGVudFwvdXBsb2Fkc1wvMjAyM1wvMTFcL0hlZGVyYS1oaWJlcm5pY2EtRGVhbGJhdGEud2VicCIsInNsaWRlc2hvdyI6ImRmOTE3YmQifQ%3D%3D\">\n\t\t\t\t\t<div class=\"e-gallery-image elementor-gallery-item__image\" data-thumbnail=\"https:\/\/www.hedera-etc.com\/wp-content\/uploads\/2023\/11\/Hedera-hibernica-Dealbata-300x225.webp\" data-width=\"300\" data-height=\"225\" aria-label=\"Hedera hibernica &#039;Dealbata&#039;\" role=\"img\" ><\/div>\n\t\t\t\t\t\t\t\t\t\t\t<div class=\"elementor-gallery-item__overlay\"><\/div>\n\t\t\t\t\t\t\t\t\t\t\t\t\t\t\t<div class=\"elementor-gallery-item__content\">\n\t\t\t\t\t\t\t\t\t\t\t\t\t\t<div class=\"elementor-gallery-item__title\">\n\t\t\t\t\t\t\t\t\t\t\t\t\t\t\t\t\t\tHedera hibernica 'Dealbata'\t\t\t\t\t\t\t\t<\/div>\n\t\t\t\t\t\t\t\t\t\t\t\t<\/div>\n\t\t\t\t\t\t\t\t\t<\/a>\n\t\t\t\t\t\t\t<a class=\"e-gallery-item elementor-gallery-item elementor-animated-content\" href=\"https:\/\/www.hedera-etc.com\/wp-content\/uploads\/2023\/11\/Hedera-hibernica-Deltoidea.webp\" data-elementor-open-lightbox=\"yes\" data-elementor-lightbox-slideshow=\"df917bd\" data-elementor-lightbox-title=\"Hedera hibernica &#039;Deltoidea&#039;\" data-e-action-hash=\"#elementor-action%3Aaction%3Dlightbox%26settings%3DeyJpZCI6MTc4NSwidXJsIjoiaHR0cHM6XC9cL3d3dy5oZWRlcmEtZXRjLmNvbVwvd3AtY29udGVudFwvdXBsb2Fkc1wvMjAyM1wvMTFcL0hlZGVyYS1oaWJlcm5pY2EtRGVsdG9pZGVhLndlYnAiLCJzbGlkZXNob3ciOiJkZjkxN2JkIn0%3D\">\n\t\t\t\t\t<div class=\"e-gallery-image elementor-gallery-item__image\" data-thumbnail=\"https:\/\/www.hedera-etc.com\/wp-content\/uploads\/2023\/11\/Hedera-hibernica-Deltoidea-300x225.webp\" data-width=\"300\" data-height=\"225\" aria-label=\"Hedera hibernica &#039;Deltoidea&#039;\" role=\"img\" ><\/div>\n\t\t\t\t\t\t\t\t\t\t\t<div class=\"elementor-gallery-item__overlay\"><\/div>\n\t\t\t\t\t\t\t\t\t\t\t\t\t\t\t<div class=\"elementor-gallery-item__content\">\n\t\t\t\t\t\t\t\t\t\t\t\t\t\t<div class=\"elementor-gallery-item__title\">\n\t\t\t\t\t\t\t\t\t\t\t\t\t\t\t\t\t\tHedera hibernica 'Deltoidea'\t\t\t\t\t\t\t\t<\/div>\n\t\t\t\t\t\t\t\t\t\t\t\t<\/div>\n\t\t\t\t\t\t\t\t\t<\/a>\n\t\t\t\t\t\t\t<a class=\"e-gallery-item elementor-gallery-item elementor-animated-content\" href=\"https:\/\/www.hedera-etc.com\/wp-content\/uploads\/2023\/11\/Hedera-hibernica-Arco.webp\" data-elementor-open-lightbox=\"yes\" data-elementor-lightbox-slideshow=\"df917bd\" data-elementor-lightbox-title=\"Hedera hibernica &#039;Arco&#039;\" data-e-action-hash=\"#elementor-action%3Aaction%3Dlightbox%26settings%3DeyJpZCI6MTc2NiwidXJsIjoiaHR0cHM6XC9cL3d3dy5oZWRlcmEtZXRjLmNvbVwvd3AtY29udGVudFwvdXBsb2Fkc1wvMjAyM1wvMTFcL0hlZGVyYS1oaWJlcm5pY2EtQXJjby53ZWJwIiwic2xpZGVzaG93IjoiZGY5MTdiZCJ9\">\n\t\t\t\t\t<div class=\"e-gallery-image elementor-gallery-item__image\" data-thumbnail=\"https:\/\/www.hedera-etc.com\/wp-content\/uploads\/2023\/11\/Hedera-hibernica-Arco-300x225.webp\" data-width=\"300\" data-height=\"225\" aria-label=\"Hedera hibernica &#039;Arco&#039;\" role=\"img\" ><\/div>\n\t\t\t\t\t\t\t\t\t\t\t<div class=\"elementor-gallery-item__overlay\"><\/div>\n\t\t\t\t\t\t\t\t\t\t\t\t\t\t\t<div class=\"elementor-gallery-item__content\">\n\t\t\t\t\t\t\t\t\t\t\t\t\t\t<div class=\"elementor-gallery-item__title\">\n\t\t\t\t\t\t\t\t\t\t\t\t\t\t\t\t\t\tHedera hibernica 'Arco'\t\t\t\t\t\t\t\t<\/div>\n\t\t\t\t\t\t\t\t\t\t\t\t<\/div>\n\t\t\t\t\t\t\t\t\t<\/a>\n\t\t\t\t\t\t\t<a class=\"e-gallery-item elementor-gallery-item elementor-animated-content\" href=\"https:\/\/www.hedera-etc.com\/wp-content\/uploads\/2023\/11\/Hedera-hibernica-Albany_2.webp\" data-elementor-open-lightbox=\"yes\" data-elementor-lightbox-slideshow=\"df917bd\" data-elementor-lightbox-title=\"Hedera hibernica &#039;Albany&#039;_2\" data-e-action-hash=\"#elementor-action%3Aaction%3Dlightbox%26settings%3DeyJpZCI6MTc1NiwidXJsIjoiaHR0cHM6XC9cL3d3dy5oZWRlcmEtZXRjLmNvbVwvd3AtY29udGVudFwvdXBsb2Fkc1wvMjAyM1wvMTFcL0hlZGVyYS1oaWJlcm5pY2EtQWxiYW55XzIud2VicCIsInNsaWRlc2hvdyI6ImRmOTE3YmQifQ%3D%3D\">\n\t\t\t\t\t<div class=\"e-gallery-image elementor-gallery-item__image\" data-thumbnail=\"https:\/\/www.hedera-etc.com\/wp-content\/uploads\/2023\/11\/Hedera-hibernica-Albany_2-300x225.webp\" data-width=\"300\" data-height=\"225\" aria-label=\"Hedera hibernica &#039;Albany&#039; - Irisches Efeu\" role=\"img\" ><\/div>\n\t\t\t\t\t\t\t\t\t\t\t<div class=\"elementor-gallery-item__overlay\"><\/div>\n\t\t\t\t\t\t\t\t\t\t\t\t\t\t\t<div class=\"elementor-gallery-item__content\">\n\t\t\t\t\t\t\t\t\t\t\t\t\t\t<div class=\"elementor-gallery-item__title\">\n\t\t\t\t\t\t\t\t\t\t\t\t\t\t\t\t\t\tHedera hibernica 'Albany' - Irisches Efeu\t\t\t\t\t\t\t\t<\/div>\n\t\t\t\t\t\t\t\t\t\t\t\t<\/div>\n\t\t\t\t\t\t\t\t\t<\/a>\n\t\t\t\t\t\t\t<a class=\"e-gallery-item elementor-gallery-item elementor-animated-content\" href=\"https:\/\/www.hedera-etc.com\/wp-content\/uploads\/2023\/10\/Hedera-hibernica-Angularis-Aurea.webp\" data-elementor-open-lightbox=\"yes\" data-elementor-lightbox-slideshow=\"df917bd\" data-elementor-lightbox-title=\"Hedera hibernica &#039;Angularis Aurea&#039;\" data-e-action-hash=\"#elementor-action%3Aaction%3Dlightbox%26settings%3DeyJpZCI6OTYsInVybCI6Imh0dHBzOlwvXC93d3cuaGVkZXJhLWV0Yy5jb21cL3dwLWNvbnRlbnRcL3VwbG9hZHNcLzIwMjNcLzEwXC9IZWRlcmEtaGliZXJuaWNhLUFuZ3VsYXJpcy1BdXJlYS53ZWJwIiwic2xpZGVzaG93IjoiZGY5MTdiZCJ9\">\n\t\t\t\t\t<div class=\"e-gallery-image elementor-gallery-item__image\" data-thumbnail=\"https:\/\/www.hedera-etc.com\/wp-content\/uploads\/2023\/10\/Hedera-hibernica-Angularis-Aurea-300x224.webp\" data-width=\"300\" data-height=\"224\" aria-label=\"Hedera hibernica &#039;Angularis Aurea&#039; - Irisches Efeu\" role=\"img\" ><\/div>\n\t\t\t\t\t\t\t\t\t\t\t<div class=\"elementor-gallery-item__overlay\"><\/div>\n\t\t\t\t\t\t\t\t\t\t\t\t\t\t\t<div class=\"elementor-gallery-item__content\">\n\t\t\t\t\t\t\t\t\t\t\t\t\t\t<div class=\"elementor-gallery-item__title\">\n\t\t\t\t\t\t\t\t\t\t\t\t\t\t\t\t\t\tHedera hibernica 'Angularis Aurea' - Irisches Efeu\t\t\t\t\t\t\t\t<\/div>\n\t\t\t\t\t\t\t\t\t\t\t\t<\/div>\n\t\t\t\t\t\t\t\t\t<\/a>\n\t\t\t\t\t\t\t<a class=\"e-gallery-item elementor-gallery-item elementor-animated-content\" href=\"https:\/\/www.hedera-etc.com\/wp-content\/uploads\/2023\/10\/Hedera-hibernica-Vitifolia-Arborescens_2.webp\" data-elementor-open-lightbox=\"yes\" data-elementor-lightbox-slideshow=\"df917bd\" data-elementor-lightbox-title=\"Hedera hibernica &#039;Vitifolia Arborescens&#039;_2\" data-e-action-hash=\"#elementor-action%3Aaction%3Dlightbox%26settings%3DeyJpZCI6Mzk2LCJ1cmwiOiJodHRwczpcL1wvd3d3LmhlZGVyYS1ldGMuY29tXC93cC1jb250ZW50XC91cGxvYWRzXC8yMDIzXC8xMFwvSGVkZXJhLWhpYmVybmljYS1WaXRpZm9saWEtQXJib3Jlc2NlbnNfMi53ZWJwIiwic2xpZGVzaG93IjoiZGY5MTdiZCJ9\">\n\t\t\t\t\t<div class=\"e-gallery-image elementor-gallery-item__image\" data-thumbnail=\"https:\/\/www.hedera-etc.com\/wp-content\/uploads\/2023\/10\/Hedera-hibernica-Vitifolia-Arborescens_2-300x225.webp\" data-width=\"300\" data-height=\"225\" aria-label=\"\" role=\"img\" ><\/div>\n\t\t\t\t\t\t\t\t\t\t\t<div class=\"elementor-gallery-item__overlay\"><\/div>\n\t\t\t\t\t\t\t\t\t\t\t\t\t\t\t<div class=\"elementor-gallery-item__content\">\n\t\t\t\t\t\t\t\t\t\t\t<\/div>\n\t\t\t\t\t\t\t\t\t<\/a>\n\t\t\t\t\t<\/div>\n\t\t\t\t\t<\/div>\n\t\t\t\t<\/div>\n\t\t\t\t\t<\/div>\n\t\t\t\t<\/div>\n\t\t\t\t<\/div>","protected":false},"excerpt":{"rendered":"<p>Lierre d\u2019Irlande, ou Hedera hibernica de son nom botanique, est une plante grimpante au feuillage persistant. Vous pourrez donc en profiter tout au long de l&rsquo;ann\u00e9e : au printemps, le lierre d&rsquo;Irlande forme de jeunes feuilles vert tendre tout \u00e0 fait charmantes en \u00e9t\u00e9, ses feuilles se teintent de couleurs plus fonc\u00e9es en automne, si [&hellip;]<\/p>\n","protected":false},"author":2,"featured_media":5104,"comment_status":"closed","ping_status":"closed","sticky":false,"template":"","format":"standard","meta":{"_acf_changed":false,"ocean_post_layout":"full-width","ocean_both_sidebars_style":"","ocean_both_sidebars_content_width":0,"ocean_both_sidebars_sidebars_width":0,"ocean_sidebar":"","ocean_second_sidebar":"","ocean_disable_margins":"enable","ocean_add_body_class":"","ocean_shortcode_before_top_bar":"","ocean_shortcode_after_top_bar":"","ocean_shortcode_before_header":"","ocean_shortcode_after_header":"","ocean_has_shortcode":"","ocean_shortcode_after_title":"","ocean_shortcode_before_footer_widgets":"","ocean_shortcode_after_footer_widgets":"","ocean_shortcode_before_footer_bottom":"","ocean_shortcode_after_footer_bottom":"","ocean_display_top_bar":"default","ocean_display_header":"default","ocean_header_style":"","ocean_center_header_left_menu":"","ocean_custom_header_template":"","ocean_custom_logo":0,"ocean_custom_retina_logo":0,"ocean_custom_logo_max_width":0,"ocean_custom_logo_tablet_max_width":0,"ocean_custom_logo_mobile_max_width":0,"ocean_custom_logo_max_height":0,"ocean_custom_logo_tablet_max_height":0,"ocean_custom_logo_mobile_max_height":0,"ocean_header_custom_menu":"","ocean_menu_typo_font_family":"","ocean_menu_typo_font_subset":"","ocean_menu_typo_font_size":0,"ocean_menu_typo_font_size_tablet":0,"ocean_menu_typo_font_size_mobile":0,"ocean_menu_typo_font_size_unit":"px","ocean_menu_typo_font_weight":"","ocean_menu_typo_font_weight_tablet":"","ocean_menu_typo_font_weight_mobile":"","ocean_menu_typo_transform":"","ocean_menu_typo_transform_tablet":"","ocean_menu_typo_transform_mobile":"","ocean_menu_typo_line_height":0,"ocean_menu_typo_line_height_tablet":0,"ocean_menu_typo_line_height_mobile":0,"ocean_menu_typo_line_height_unit":"","ocean_menu_typo_spacing":0,"ocean_menu_typo_spacing_tablet":0,"ocean_menu_typo_spacing_mobile":0,"ocean_menu_typo_spacing_unit":"","ocean_menu_link_color":"","ocean_menu_link_color_hover":"","ocean_menu_link_color_active":"","ocean_menu_link_background":"","ocean_menu_link_hover_background":"","ocean_menu_link_active_background":"","ocean_menu_social_links_bg":"","ocean_menu_social_hover_links_bg":"","ocean_menu_social_links_color":"","ocean_menu_social_hover_links_color":"","ocean_disable_title":"default","ocean_disable_heading":"default","ocean_post_title":"","ocean_post_subheading":"","ocean_post_title_style":"","ocean_post_title_background_color":"","ocean_post_title_background":0,"ocean_post_title_bg_image_position":"","ocean_post_title_bg_image_attachment":"","ocean_post_title_bg_image_repeat":"","ocean_post_title_bg_image_size":"","ocean_post_title_height":0,"ocean_post_title_bg_overlay":0.5,"ocean_post_title_bg_overlay_color":"","ocean_disable_breadcrumbs":"default","ocean_breadcrumbs_color":"","ocean_breadcrumbs_separator_color":"","ocean_breadcrumbs_links_color":"","ocean_breadcrumbs_links_hover_color":"","ocean_display_footer_widgets":"default","ocean_display_footer_bottom":"default","ocean_custom_footer_template":"","_jetpack_memberships_contains_paid_content":false,"ocean_post_oembed":"","ocean_post_self_hosted_media":"","ocean_post_video_embed":"","ocean_link_format":"","ocean_link_format_target":"self","ocean_quote_format":"","ocean_quote_format_link":"post","ocean_gallery_link_images":"on","ocean_gallery_id":[],"footnotes":""},"categories":[1],"tags":[],"class_list":["post-4870","post","type-post","status-publish","format-standard","has-post-thumbnail","hentry","category-non-classe","entry","has-media","owp-thumbs-layout-horizontal","owp-btn-normal","owp-tabs-layout-section","has-no-thumbnails","has-product-nav"],"acf":[],"jetpack_featured_media_url":"https:\/\/www.hedera-etc.com\/wp-content\/uploads\/2024\/04\/Lierre-dIrlande.webp","jetpack_sharing_enabled":true,"_links":{"self":[{"href":"https:\/\/www.hedera-etc.com\/de\/wp-json\/wp\/v2\/posts\/4870","targetHints":{"allow":["GET"]}}],"collection":[{"href":"https:\/\/www.hedera-etc.com\/de\/wp-json\/wp\/v2\/posts"}],"about":[{"href":"https:\/\/www.hedera-etc.com\/de\/wp-json\/wp\/v2\/types\/post"}],"author":[{"embeddable":true,"href":"https:\/\/www.hedera-etc.com\/de\/wp-json\/wp\/v2\/users\/2"}],"replies":[{"embeddable":true,"href":"https:\/\/www.hedera-etc.com\/de\/wp-json\/wp\/v2\/comments?post=4870"}],"version-history":[{"count":24,"href":"https:\/\/www.hedera-etc.com\/de\/wp-json\/wp\/v2\/posts\/4870\/revisions"}],"predecessor-version":[{"id":18205,"href":"https:\/\/www.hedera-etc.com\/de\/wp-json\/wp\/v2\/posts\/4870\/revisions\/18205"}],"wp:featuredmedia":[{"embeddable":true,"href":"https:\/\/www.hedera-etc.com\/de\/wp-json\/wp\/v2\/media\/5104"}],"wp:attachment":[{"href":"https:\/\/www.hedera-etc.com\/de\/wp-json\/wp\/v2\/media?parent=4870"}],"wp:term":[{"taxonomy":"category","embeddable":true,"href":"https:\/\/www.hedera-etc.com\/de\/wp-json\/wp\/v2\/categories?post=4870"},{"taxonomy":"post_tag","embeddable":true,"href":"https:\/\/www.hedera-etc.com\/de\/wp-json\/wp\/v2\/tags?post=4870"}],"curies":[{"name":"wp","href":"https:\/\/api.w.org\/{rel}","templated":true}]}}