{"id":6488,"date":"2024-06-05T07:34:25","date_gmt":"2024-06-05T05:34:25","guid":{"rendered":"https:\/\/www.hedera-etc.com\/?p=6488"},"modified":"2025-11-26T21:00:40","modified_gmt":"2025-11-26T20:00:40","slug":"lierre-de-chypre","status":"publish","type":"post","link":"https:\/\/www.hedera-etc.com\/de\/lierre-de-chypre\/","title":{"rendered":"Efeu aus Zypern"},"content":{"rendered":"<div data-elementor-type=\"wp-post\" data-elementor-id=\"6488\" class=\"elementor elementor-6488\" data-elementor-post-type=\"post\">\n\t\t\t\t<div class=\"elementor-element elementor-element-798da8a e-flex e-con-boxed e-con e-parent\" data-id=\"798da8a\" data-element_type=\"container\">\n\t\t\t\t\t<div class=\"e-con-inner\">\n\t\t\t\t<div class=\"elementor-element elementor-element-be64a4d elementor-widget elementor-widget-heading\" data-id=\"be64a4d\" data-element_type=\"widget\" data-widget_type=\"heading.default\">\n\t\t\t\t<div class=\"elementor-widget-container\">\n\t\t\t\t\t<h2 class=\"elementor-heading-title elementor-size-default\">Beschreibung<\/h2>\t\t\t\t<\/div>\n\t\t\t\t<\/div>\n\t\t\t\t<div class=\"elementor-element elementor-element-002472b elementor-widget elementor-widget-text-editor\" data-id=\"002472b\" data-element_type=\"widget\" data-widget_type=\"text-editor.default\">\n\t\t\t\t<div class=\"elementor-widget-container\">\n\t\t\t\t\t\t\t\t\t<p>Der Efeu auf Zypern ist ein Efeu <b>endemisch <\/b>auf der Insel Zypern. Man findet sie vor allem an Flussufern, auf Felsen oder auf B\u00e4umen im Tr\u00f3odos-Gebirge.<\/p><p>Es ist ein naher Efeu <b>botanisch <\/b>des Iranischen Efeus (<em>Hedera pastuchovii<\/em>). Nachdem er zun\u00e4chst als eigene Art galt, wird er nun als Unterart von pastuchovii eingestuft (<i>Hedera pastuchovii subsp. cypria<\/i>). Er unterscheidet sich von <i>Hedera pastuchovii<\/i> durch die Tatsache, dass die Bl\u00e4tter st\u00e4rker wei\u00df ge\u00e4dert sind. Wenn man sie zerkn\u00fcllt, entsteht ein s\u00fc\u00dflicher Geruch, der etwas weniger ausgepr\u00e4gt ist als bei <i>Hedera pastuchovii<\/i> oder <i>Hedera colchica<\/i>.<\/p><p>Die <b>Hafen <\/b>ist ausgebreitet oder ein wenig buschig. Die <b>St\u00e4be <\/b>sind d\u00fcnn und anfangs rot-rubinfarben, mit zunehmendem Alter werden sie grau-braun. Die Internodien sind zwischen 1 und 6 cm voneinander entfernt.<\/p><p>Die <b>Bl\u00e4tter <\/b>Die juvenilen Exemplare haben eine dreieckige Form mit drei stumpfen Lappen. Sie sind 1,5 bis 6,5 cm lang und 1,5 bis 5 cm breit. Der Apex ist leicht schleimig. Die Basis ist mehr oder weniger herzf\u00f6rmig. Die erwachsenen Bl\u00e4tter sind gr\u00f6\u00dfer und werden 7,5 bis 17 cm lang und 6,5 bis 14,5 cm breit. Sie sind nicht oder nur sehr schwach gelappt. Sie haben eine gekerbte oder lanzettliche Form, die an der Basis abgestumpft oder leicht herzf\u00f6rmig ist.<\/p><p>Die <b>Blattspreite<\/b> ist in der Regel dunkelgr\u00fcn und von silbergrauen Adern durchzogen, die besonders bei jungen Bl\u00e4ttern sehr sch\u00f6n wirken. Die Unterseite ist hellgr\u00fcn. Bei ausgewachsenen Bl\u00e4ttern wird die Blattspreite gelblich-gr\u00fcn und die Adern werden stark abgeschw\u00e4cht.<\/p><p>Die <b>Blattstiele <\/b>sind wie die jungen St\u00e4ngel rot-rubinfarben und 0,5 bis 6 cm lang.<\/p><p>Die <b>Haare <\/b>sind vom schuppigen Typ. Sie sind \u00fcber die St\u00e4ngel, den Stiel und die Unterseite der Bl\u00e4tter verteilt. Sie bestehen aus mehr als acht Verzweigungen.<\/p>\t\t\t\t\t\t\t\t<\/div>\n\t\t\t\t<\/div>\n\t\t\t\t<div class=\"elementor-element elementor-element-6e0a393 elementor-widget elementor-widget-heading\" data-id=\"6e0a393\" data-element_type=\"widget\" data-widget_type=\"heading.default\">\n\t\t\t\t<div class=\"elementor-widget-container\">\n\t\t\t\t\t<h2 class=\"elementor-heading-title elementor-size-default\">Kultivare des Efeus auf Zypern<\/h2>\t\t\t\t<\/div>\n\t\t\t\t<\/div>\n\t\t\t\t<div class=\"elementor-element elementor-element-687f951 elementor-widget elementor-widget-text-editor\" data-id=\"687f951\" data-element_type=\"widget\" data-widget_type=\"text-editor.default\">\n\t\t\t\t<div class=\"elementor-widget-container\">\n\t\t\t\t\t\t\t\t\t<p>Wir besitzen in der Sammlung zwei Kultivare des Zypern-Efeu:<\/p><ul><li><a href=\"https:\/\/www.hedera-etc.com\/de\/product\/hedera-cypria-coon-hollow-lierre-de-chypre\/\" target=\"_blank\" rel=\"noopener\"><i>Hedera pastuchovii subsp. cypria<\/i> &lsquo;<b>Coon Hollow<\/b>&lsquo;<\/a>. Es ist ein Miniatur-Efeu, vogelbeinartig, mit dunkel gr\u00fcnlich-blauen Bl\u00e4ttern, die von silberwei\u00dfen Adern durchzogen sind, sowie bei kaltem Wetter eventuell wei\u00dfliche Flecken.<\/li><li><a href=\"https:\/\/www.hedera-etc.com\/de\/product\/hedera-cypria-silver-arrow-lierre-de-chypre\/\" target=\"_blank\" rel=\"noopener\"><i>Hedera pastuchovii subsp. cypri<\/i>a &lsquo;<b>Silberpfeil<\/b>&lsquo;<\/a>. Efeu mit herzf\u00f6rmigen Bl\u00e4ttern, die an langen, kletternden St\u00e4ngeln angeordnet sind. Die Blattspreite ist dunkelgr\u00fcn und wird von silbrigen Adern gefurcht.<\/li><\/ul>\t\t\t\t\t\t\t\t<\/div>\n\t\t\t\t<\/div>\n\t\t<div class=\"elementor-element elementor-element-33cf66e e-grid e-con-boxed e-con e-child\" data-id=\"33cf66e\" data-element_type=\"container\">\n\t\t\t\t\t<div class=\"e-con-inner\">\n\t\t\t\t<div class=\"elementor-element elementor-element-55f7b9f elementor-widget elementor-widget-image\" data-id=\"55f7b9f\" data-element_type=\"widget\" data-widget_type=\"image.default\">\n\t\t\t\t<div class=\"elementor-widget-container\">\n\t\t\t\t\t\t\t\t\t\t\t\t<figure class=\"wp-caption\">\n\t\t\t\t\t\t\t\t\t\t\t<a href=\"https:\/\/www.hedera-etc.com\/de\/product\/hedera-cypria-coon-hollow-lierre-de-chypre\/\" target=\"_blank\">\n\t\t\t\t\t\t\t<img fetchpriority=\"high\" decoding=\"async\" width=\"1024\" height=\"768\" src=\"https:\/\/www.hedera-etc.com\/wp-content\/uploads\/2024\/03\/Hedera-cypria-Coon-Hollow-1024x768.webp\" class=\"attachment-large size-large wp-image-4314\" alt=\"Hedera cypria &#039;Coon Hollow&#039; - Zypern-Efeu\" srcset=\"https:\/\/www.hedera-etc.com\/wp-content\/uploads\/2024\/03\/Hedera-cypria-Coon-Hollow-1024x768.webp 1024w, https:\/\/www.hedera-etc.com\/wp-content\/uploads\/2024\/03\/Hedera-cypria-Coon-Hollow-300x225.webp 300w, https:\/\/www.hedera-etc.com\/wp-content\/uploads\/2024\/03\/Hedera-cypria-Coon-Hollow-900x675.webp 900w, https:\/\/www.hedera-etc.com\/wp-content\/uploads\/2024\/03\/Hedera-cypria-Coon-Hollow-768x576.webp 768w, https:\/\/www.hedera-etc.com\/wp-content\/uploads\/2024\/03\/Hedera-cypria-Coon-Hollow-1536x1152.webp 1536w, https:\/\/www.hedera-etc.com\/wp-content\/uploads\/2024\/03\/Hedera-cypria-Coon-Hollow-1320x990.webp 1320w, https:\/\/www.hedera-etc.com\/wp-content\/uploads\/2024\/03\/Hedera-cypria-Coon-Hollow.webp 1600w\" sizes=\"(max-width: 1024px) 100vw, 1024px\" \/>\t\t\t\t\t\t\t\t<\/a>\n\t\t\t\t\t\t\t\t\t\t\t<figcaption class=\"widget-image-caption wp-caption-text\">Coon Hollow<\/figcaption>\n\t\t\t\t\t\t\t\t\t\t<\/figure>\n\t\t\t\t\t\t\t\t\t<\/div>\n\t\t\t\t<\/div>\n\t\t\t\t<div class=\"elementor-element elementor-element-0f0eb00 elementor-widget elementor-widget-image\" data-id=\"0f0eb00\" data-element_type=\"widget\" data-widget_type=\"image.default\">\n\t\t\t\t<div class=\"elementor-widget-container\">\n\t\t\t\t\t\t\t\t\t\t\t\t<figure class=\"wp-caption\">\n\t\t\t\t\t\t\t\t\t\t<img decoding=\"async\" width=\"1024\" height=\"768\" src=\"https:\/\/www.hedera-etc.com\/wp-content\/uploads\/2024\/03\/Hedera-cypria-Silver-Arrow_3-1024x768.webp\" class=\"attachment-large size-large wp-image-4318\" alt=\"Hedera cypria &#039;Silver Arrow&#039; - Zypern-Efeu\" srcset=\"https:\/\/www.hedera-etc.com\/wp-content\/uploads\/2024\/03\/Hedera-cypria-Silver-Arrow_3-1024x768.webp 1024w, https:\/\/www.hedera-etc.com\/wp-content\/uploads\/2024\/03\/Hedera-cypria-Silver-Arrow_3-300x225.webp 300w, https:\/\/www.hedera-etc.com\/wp-content\/uploads\/2024\/03\/Hedera-cypria-Silver-Arrow_3-900x675.webp 900w, https:\/\/www.hedera-etc.com\/wp-content\/uploads\/2024\/03\/Hedera-cypria-Silver-Arrow_3-768x576.webp 768w, https:\/\/www.hedera-etc.com\/wp-content\/uploads\/2024\/03\/Hedera-cypria-Silver-Arrow_3-1536x1152.webp 1536w, https:\/\/www.hedera-etc.com\/wp-content\/uploads\/2024\/03\/Hedera-cypria-Silver-Arrow_3-1320x990.webp 1320w, https:\/\/www.hedera-etc.com\/wp-content\/uploads\/2024\/03\/Hedera-cypria-Silver-Arrow_3.webp 1600w\" sizes=\"(max-width: 1024px) 100vw, 1024px\" \/>\t\t\t\t\t\t\t\t\t\t\t<figcaption class=\"widget-image-caption wp-caption-text\">Silberpfeil<\/figcaption>\n\t\t\t\t\t\t\t\t\t\t<\/figure>\n\t\t\t\t\t\t\t\t\t<\/div>\n\t\t\t\t<\/div>\n\t\t\t\t\t<\/div>\n\t\t\t\t<\/div>\n\t\t\t\t\t<\/div>\n\t\t\t\t<\/div>\n\t\t\t\t<\/div>","protected":false},"excerpt":{"rendered":"<p>Der Zypern-Efeu ist ein endemischer Efeu auf der Insel Zypern. Man findet ihn vor allem an Flussufern, auf Felsen oder auf B\u00e4umen im Tr\u00f3odos-Gebirge.<\/p>","protected":false},"author":2,"featured_media":6494,"comment_status":"open","ping_status":"open","sticky":false,"template":"","format":"standard","meta":{"_acf_changed":false,"ocean_post_layout":"full-width","ocean_both_sidebars_style":"","ocean_both_sidebars_content_width":0,"ocean_both_sidebars_sidebars_width":0,"ocean_sidebar":"","ocean_second_sidebar":"","ocean_disable_margins":"enable","ocean_add_body_class":"","ocean_shortcode_before_top_bar":"","ocean_shortcode_after_top_bar":"","ocean_shortcode_before_header":"","ocean_shortcode_after_header":"","ocean_has_shortcode":"","ocean_shortcode_after_title":"","ocean_shortcode_before_footer_widgets":"","ocean_shortcode_after_footer_widgets":"","ocean_shortcode_before_footer_bottom":"","ocean_shortcode_after_footer_bottom":"","ocean_display_top_bar":"default","ocean_display_header":"default","ocean_header_style":"","ocean_center_header_left_menu":"","ocean_custom_header_template":"","ocean_custom_logo":0,"ocean_custom_retina_logo":0,"ocean_custom_logo_max_width":0,"ocean_custom_logo_tablet_max_width":0,"ocean_custom_logo_mobile_max_width":0,"ocean_custom_logo_max_height":0,"ocean_custom_logo_tablet_max_height":0,"ocean_custom_logo_mobile_max_height":0,"ocean_header_custom_menu":"","ocean_menu_typo_font_family":"","ocean_menu_typo_font_subset":"","ocean_menu_typo_font_size":0,"ocean_menu_typo_font_size_tablet":0,"ocean_menu_typo_font_size_mobile":0,"ocean_menu_typo_font_size_unit":"px","ocean_menu_typo_font_weight":"","ocean_menu_typo_font_weight_tablet":"","ocean_menu_typo_font_weight_mobile":"","ocean_menu_typo_transform":"","ocean_menu_typo_transform_tablet":"","ocean_menu_typo_transform_mobile":"","ocean_menu_typo_line_height":0,"ocean_menu_typo_line_height_tablet":0,"ocean_menu_typo_line_height_mobile":0,"ocean_menu_typo_line_height_unit":"","ocean_menu_typo_spacing":0,"ocean_menu_typo_spacing_tablet":0,"ocean_menu_typo_spacing_mobile":0,"ocean_menu_typo_spacing_unit":"","ocean_menu_link_color":"","ocean_menu_link_color_hover":"","ocean_menu_link_color_active":"","ocean_menu_link_background":"","ocean_menu_link_hover_background":"","ocean_menu_link_active_background":"","ocean_menu_social_links_bg":"","ocean_menu_social_hover_links_bg":"","ocean_menu_social_links_color":"","ocean_menu_social_hover_links_color":"","ocean_disable_title":"default","ocean_disable_heading":"default","ocean_post_title":"","ocean_post_subheading":"","ocean_post_title_style":"","ocean_post_title_background_color":"","ocean_post_title_background":0,"ocean_post_title_bg_image_position":"","ocean_post_title_bg_image_attachment":"","ocean_post_title_bg_image_repeat":"","ocean_post_title_bg_image_size":"","ocean_post_title_height":0,"ocean_post_title_bg_overlay":0.5,"ocean_post_title_bg_overlay_color":"","ocean_disable_breadcrumbs":"default","ocean_breadcrumbs_color":"","ocean_breadcrumbs_separator_color":"","ocean_breadcrumbs_links_color":"","ocean_breadcrumbs_links_hover_color":"","ocean_display_footer_widgets":"default","ocean_display_footer_bottom":"default","ocean_custom_footer_template":"","_jetpack_memberships_contains_paid_content":false,"ocean_post_oembed":"","ocean_post_self_hosted_media":"","ocean_post_video_embed":"","ocean_link_format":"","ocean_link_format_target":"self","ocean_quote_format":"","ocean_quote_format_link":"post","ocean_gallery_link_images":"on","ocean_gallery_id":[],"footnotes":""},"categories":[1],"tags":[],"class_list":["post-6488","post","type-post","status-publish","format-standard","has-post-thumbnail","hentry","category-non-classe","entry","has-media","owp-thumbs-layout-horizontal","owp-btn-normal","owp-tabs-layout-section","has-no-thumbnails","has-product-nav"],"acf":[],"jetpack_featured_media_url":"https:\/\/www.hedera-etc.com\/wp-content\/uploads\/2024\/06\/Hedera-cypria-Silver-Arrow_4.webp","jetpack_sharing_enabled":true,"_links":{"self":[{"href":"https:\/\/www.hedera-etc.com\/de\/wp-json\/wp\/v2\/posts\/6488","targetHints":{"allow":["GET"]}}],"collection":[{"href":"https:\/\/www.hedera-etc.com\/de\/wp-json\/wp\/v2\/posts"}],"about":[{"href":"https:\/\/www.hedera-etc.com\/de\/wp-json\/wp\/v2\/types\/post"}],"author":[{"embeddable":true,"href":"https:\/\/www.hedera-etc.com\/de\/wp-json\/wp\/v2\/users\/2"}],"replies":[{"embeddable":true,"href":"https:\/\/www.hedera-etc.com\/de\/wp-json\/wp\/v2\/comments?post=6488"}],"version-history":[{"count":7,"href":"https:\/\/www.hedera-etc.com\/de\/wp-json\/wp\/v2\/posts\/6488\/revisions"}],"predecessor-version":[{"id":17165,"href":"https:\/\/www.hedera-etc.com\/de\/wp-json\/wp\/v2\/posts\/6488\/revisions\/17165"}],"wp:featuredmedia":[{"embeddable":true,"href":"https:\/\/www.hedera-etc.com\/de\/wp-json\/wp\/v2\/media\/6494"}],"wp:attachment":[{"href":"https:\/\/www.hedera-etc.com\/de\/wp-json\/wp\/v2\/media?parent=6488"}],"wp:term":[{"taxonomy":"category","embeddable":true,"href":"https:\/\/www.hedera-etc.com\/de\/wp-json\/wp\/v2\/categories?post=6488"},{"taxonomy":"post_tag","embeddable":true,"href":"https:\/\/www.hedera-etc.com\/de\/wp-json\/wp\/v2\/tags?post=6488"}],"curies":[{"name":"wp","href":"https:\/\/api.w.org\/{rel}","templated":true}]}}